[{"@context":"https:\/\/schema.org\/","@type":"Article","@id":"https:\/\/www.saag.sk\/kulma-a-fen-na-vlasy\/#Article","mainEntityOfPage":"https:\/\/www.saag.sk\/kulma-a-fen-na-vlasy\/","headline":"Kulma a f\u00e9n na vlasy","name":"Kulma a f\u00e9n na vlasy","description":"Zariadenia, ktor\u00e9 sa prip\u00e1jaj\u00fa do elektrickej energie patria do kateg\u00f3rie elektra. K\u00fapite ich v hocijakom obchode, ktor\u00fd sa \u0161pecializuje pr\u00e1ve na predaj elektrick\u00fdch zariaden\u00ed. Tak\u00fdmito pr\u00edstrojmi s\u00fa aj r\u00f4zne pom\u00f4cky na tvarovanie \u00fa\u010desu. Radi chodievate ku kadern\u00ed\u010dke alebo kozmeti\u010dke? Tieto profesion\u00e1lne sal\u00f3ny sa o va\u0161u kr\u00e1su postaraj\u00fa pr\u00e1ve za pomoci r\u00f4znych elektrick\u00fdch zariaden\u00ed. Medzi naj\u010dastej\u0161ie [&hellip;]","datePublished":"2024-01-17","dateModified":"2024-06-17","author":{"@type":"Person","@id":"https:\/\/www.saag.sk\/author\/#Person","name":"","url":"https:\/\/www.saag.sk\/author\/","identifier":1,"image":{"@type":"ImageObject","@id":"https:\/\/secure.gravatar.com\/avatar\/f3f77307dfb7a1a6ad06d8ef95ed6ed296a0507575d3814dc8c8630c3a7fa477?s=96&d=mm&r=g","url":"https:\/\/secure.gravatar.com\/avatar\/f3f77307dfb7a1a6ad06d8ef95ed6ed296a0507575d3814dc8c8630c3a7fa477?s=96&d=mm&r=g","height":96,"width":96}},"publisher":{"@type":"Organization","name":"saag.sk","logo":{"@type":"ImageObject","@id":"\/logo.png","url":"\/logo.png","width":600,"height":60}},"image":{"@type":"ImageObject","@id":"https:\/\/www.saag.sk\/wp-content\/uploads\/hair-6597025_640.jpg","url":"https:\/\/www.saag.sk\/wp-content\/uploads\/hair-6597025_640.jpg","height":0,"width":0},"url":"https:\/\/www.saag.sk\/kulma-a-fen-na-vlasy\/","about":["Elektro\r"],"wordCount":430,"articleBody":"Zariadenia, ktor\u00e9 sa prip\u00e1jaj\u00fa do elektrickej energie patria do kateg\u00f3rie elektra. K\u00fapite ich v hocijakom obchode, ktor\u00fd sa \u0161pecializuje pr\u00e1ve na predaj elektrick\u00fdch zariaden\u00ed. Tak\u00fdmito pr\u00edstrojmi s\u00fa aj r\u00f4zne pom\u00f4cky na tvarovanie \u00fa\u010desu. Radi chodievate ku kadern\u00ed\u010dke alebo kozmeti\u010dke? Tieto profesion\u00e1lne sal\u00f3ny sa o va\u0161u kr\u00e1su postaraj\u00fa pr\u00e1ve za pomoci r\u00f4znych elektrick\u00fdch zariaden\u00ed. Medzi naj\u010dastej\u0161ie elektrick\u00e9 zariadenia na tvarovanie \u00fa\u010desu patr\u00ed kulma na vlasy a f\u00e9n na vlasy. \u017deny \u013e\u00fabia nav\u0161tevova\u0165 kadern\u00edcke sal\u00f3ny, kde sa o ich vlasy postaraj\u00fa profesion\u00e1li. Doma si len tak nevytvor\u00edte \u00fa\u010des, ktor\u00fd ste videli v katal\u00f3gu.Tak\u00e9to \u00fa\u010desy v\u00e1m viem urobi\u0165 len profesion\u00e1lna kadern\u00ed\u010dka. Pr\u00e1ve kulma na vlasy je vhodn\u00e1 na vytv\u00e1ranie r\u00f4znych vlniek. Vlnky vo vlasoch s\u00fa ve\u013emi efektn\u00e9 a hodia sa na hocijak\u00fa pr\u00edle\u017eitos\u0165 alebo aj na be\u017en\u00fd de\u0148. Vlnky dodaj\u00fa va\u0161ej osobnosti charizmu, ktor\u00fa potrebujete. F\u00e9n na vlasy je ve\u013emi vhodn\u00fdm pomocn\u00edkom na su\u0161enie vlasov. Ka\u017ed\u00e1 kadern\u00ed\u010dka v\u00e1m najprv umyje vlasy a a\u017e potom sa pust\u00ed do vytv\u00e1rania \u00fa\u010desu, ktor\u00fd od nej po\u017eadujete. Aby ste mali svoje vlasy r\u00fdchlo usu\u0161en\u00e9 a pripraven\u00e9 na \u010fal\u0161ie \u00fapravy, je na to vhodn\u00fd f\u00e9n na vlasy. F\u00e9n na vlasy m\u00f4\u017ee ma\u0165 aj s difuz\u00e9rom, ktor\u00fd dod\u00e1 va\u0161im vlasom potrebn\u00fa hustotu a objem.Ja vlastn\u00edm f\u00e9n na vlasy s difuz\u00e9rom a verte mi, \u017ee vlasy s\u00fa omnoho r\u00fdchlej\u0161ie such\u00e9, ako keby pou\u017eijem len klasick\u00fd f\u00e9n bez n\u00e1dstavca. Difuz\u00e9r si viete hocikedy da\u0165 dole a pou\u017ei\u0165 f\u00e9n klasicky. F\u00e9n na vlasy je vynikaj\u00facim pomocn\u00edkom pr\u00e1ve pre to aj u v\u00e1s doma. Ak m\u00e1te dlh\u00e9 vlasy, ur\u010dite ho doporu\u010dujem, no hod\u00ed sa skvelo aj vtedy, ak si chcete svoje krat\u0161ie vlasy pekne doma upravi\u0165. Mu\u017ei ve\u013emi \u010dasto pou\u017e\u00edvaj\u00fa na \u00fapravu ich zov\u0148aj\u0161ku pr\u00e1ve v\u0161elijak\u00e9 holiace stroj\u010deky a zastrih\u00e1va\u010de. Existuj\u00fa aj zastrih\u00e1va\u010de na ne\u017eiaduce ch\u013apky na obo\u010d\u00ed alebo v nose. Tie ve\u013emi r\u00fdchlo odstr\u00e1nite vhodn\u00fdm n\u00e1dstavcom, ktor\u00fd nasad\u00edte na zastrih\u00e1va\u010d. Ka\u017ed\u00fd elektrick\u00fd pr\u00edstroj mus\u00edte aj pravidelne \u010disti\u0165 od ch\u013apkov. Nenech\u00e1vajte ich tam, ale starajte sa o svoje elektrick\u00e9 zariadenie prec\u00edzne a s rados\u0165ou.                                                                                                                                                                                                                                                                                                                                                                                        4\/5 - (11 votes)        "},{"@context":"https:\/\/schema.org\/","@type":"BreadcrumbList","itemListElement":[{"@type":"ListItem","position":1,"name":"Kulma a f\u00e9n na vlasy","item":"https:\/\/www.saag.sk\/kulma-a-fen-na-vlasy\/#breadcrumbitem"}]}]