[{"@context":"https:\/\/schema.org\/","@type":"Article","@id":"https:\/\/www.saag.sk\/vyskusajte-brazilsky-keratin\/#Article","mainEntityOfPage":"https:\/\/www.saag.sk\/vyskusajte-brazilsky-keratin\/","headline":"Vysk\u00fa\u0161ajte braz\u00edlsky kerat\u00edn","name":"Vysk\u00fa\u0161ajte braz\u00edlsky kerat\u00edn","description":"\u017deny, ktor\u00e9 maj\u00fa rovn\u00e9 vlasy, chc\u00fa ma\u0165 ku\u010derav\u00e9 a\u00a0naopak. V\u00a0prvom pr\u00edpade sa daj\u00fa n\u00e1dhern\u00e9 ku\u010dery vy\u010dari\u0165 za p\u00e1r min\u00fat pomocou nat\u00e1\u010diek, alebo kuliem. V\u00a0druhom pr\u00edpade je to \u0165a\u017e\u0161ie. Ak ku\u010derav\u00e9 vlasy vy\u017eehl\u00edme, sta\u010d\u00ed trochu vlhkosti, \u010di d\u00e1\u017e\u010f a\u00a0neposlu\u0161n\u00e9 ku\u010dery s\u00fa sp\u00e4\u0165. V\u00a0poslednom \u010dase sa roztrhlo vrece so sal\u00f3nmi kr\u00e1sy, ktor\u00e9 pon\u00fakaj\u00fa d\u00e1mam s\u00a0ku\u010derav\u00fdmi vlasmi vyrie\u0161i\u0165 [&hellip;]","datePublished":"2019-09-22","dateModified":"2023-04-28","author":{"@type":"Person","@id":"https:\/\/www.saag.sk\/author\/#Person","name":"","url":"https:\/\/www.saag.sk\/author\/","identifier":1,"image":{"@type":"ImageObject","@id":"https:\/\/secure.gravatar.com\/avatar\/f3f77307dfb7a1a6ad06d8ef95ed6ed296a0507575d3814dc8c8630c3a7fa477?s=96&d=mm&r=g","url":"https:\/\/secure.gravatar.com\/avatar\/f3f77307dfb7a1a6ad06d8ef95ed6ed296a0507575d3814dc8c8630c3a7fa477?s=96&d=mm&r=g","height":96,"width":96}},"publisher":{"@type":"Organization","name":"saag.sk","logo":{"@type":"ImageObject","@id":"\/logo.png","url":"\/logo.png","width":600,"height":60}},"image":{"@type":"ImageObject","@id":"https:\/\/www.saag.sk\/wp-content\/uploads\/img_a307114_w16758_t1569851890.jpg","url":"https:\/\/www.saag.sk\/wp-content\/uploads\/img_a307114_w16758_t1569851890.jpg","height":0,"width":0},"url":"https:\/\/www.saag.sk\/vyskusajte-brazilsky-keratin\/","about":["Slu\u017eby"],"wordCount":422,"articleBody":"\u017deny, ktor\u00e9 maj\u00fa rovn\u00e9 vlasy, chc\u00fa ma\u0165 ku\u010derav\u00e9 a\u00a0naopak. V\u00a0prvom pr\u00edpade sa daj\u00fa n\u00e1dhern\u00e9 ku\u010dery vy\u010dari\u0165 za p\u00e1r min\u00fat pomocou nat\u00e1\u010diek, alebo kuliem. V\u00a0druhom pr\u00edpade je to \u0165a\u017e\u0161ie. Ak ku\u010derav\u00e9 vlasy vy\u017eehl\u00edme, sta\u010d\u00ed trochu vlhkosti, \u010di d\u00e1\u017e\u010f a\u00a0neposlu\u0161n\u00e9 ku\u010dery s\u00fa sp\u00e4\u0165. V\u00a0poslednom \u010dase sa roztrhlo vrece so sal\u00f3nmi kr\u00e1sy, ktor\u00e9 pon\u00fakaj\u00fa d\u00e1mam s\u00a0ku\u010derav\u00fdmi vlasmi vyrie\u0161i\u0165 ich probl\u00e9m pomocou braz\u00edlskeho kerat\u00ednu.Kerat\u00ednje l\u00e1tka, ktor\u00e1 sa prirodzene nach\u00e1dza v\u00a0na\u0161ich vlasoch, ko\u017ei a\u00a0nechtoch. Nespr\u00e1vnou starostlivos\u0165ou o\u00a0vlasy, \u010dast\u00fdm farben\u00edm, \u010di su\u0161en\u00edm, ale aj vekom sa z\u00a0vlasov postupne vytr\u00e1ca. V\u00fdsledkom s\u00fa such\u00e9 a\u00a0pol\u00e1man\u00e9 vlasy. Doplni\u0165 kerat\u00edn m\u00f4\u017eete pomocou doplnkov stravy, \u0161peci\u00e1lnych \u0161amp\u00f3nov a\u00a0balzamov na vlasy, alebo ho poskytn\u00fa\u0165 vlasom priamo prostredn\u00edctvom proced\u00fary, ktor\u00fa v\u00e1m pribl\u00ed\u017eime.N\u00e1zov braz\u00edlsky kerat\u00edn naozaj poch\u00e1dza z\u00a0Braz\u00edlie. Tamoj\u0161ie \u017eeny s\u00fa zn\u00e1me t\u00fdm, \u017ee maj\u00fa ve\u013emi ku\u010derav\u00e9 a\u00a0nepoddajn\u00e9 vlasy. Preto vyvinuli umel\u00fd kerat\u00edn, ktor\u00fdm si za\u010dali vlasy o\u0161etrova\u0165. N\u00e1sledne sa roz\u0161\u00edril do cel\u00e9ho sveta. Jeho p\u00f4soben\u00edm vlasy z\u00edskaj\u00fa sp\u00e4\u0165 svoj lesk, vyzeraj\u00fa zdravo, nie s\u00fa roz\u0161tiepen\u00e9 a\u00a0vyrovnaj\u00fa sa.V\u00a0kadern\u00edckych sal\u00f3noch v\u00e1m vedia poskytn\u00fa\u0165 odborn\u00e9 poradenstvo a\u00a0hlavne nanies\u0165 kerat\u00edn spr\u00e1vnym sp\u00f4sobom. Preto nie je vhodn\u00e9, aby ste sk\u00fa\u0161ali t\u00fato proced\u00faru doma. Cel\u00e1 aplik\u00e1cia kerat\u00ednu trv\u00e1 okolo dvoch a\u017e troch hod\u00edn. Najsk\u00f4r v\u00e1m kadern\u00ed\u010dka umyje vlasy \u0161peci\u00e1lnym \u0161amp\u00f3nom. Vlasy sa vo\u013ene usu\u0161ia na vzduchu a\u00a0n\u00e1sledne v\u00e1m pracovn\u00ed\u010dka sal\u00f3nu za\u010dne nan\u00e1\u0161a\u0165 na jednotliv\u00e9 pramene kerat\u00edn, ktor\u00fd vlasy ozdrav\u00ed a\u00a0vyrovn\u00e1. Kerat\u00edn sa nakoniec mus\u00ed za\u017eehli\u0165 pri teplote okolo 200 \u00b0C. Vlasy si m\u00f4\u017eete umy\u0165 a\u017e po troch d\u0148och bezsulf\u00e1tov\u00fdm \u0161amp\u00f3nom.Braz\u00edlsky kerat\u00edn je najkvalitnej\u0161\u00ed. M\u00f4\u017eete si ho da\u0165 aplikova\u0165 v\u00a0ktoromko\u013evek ro\u010dnom obdob\u00ed, na ak\u00e9ko\u013evek vlasy (aj farben\u00e9). Vlasy sa stan\u00fa zdrav\u00fdmi, rovn\u00fdmi a\u00a0kerat\u00edn ich ochr\u00e1ni pred slnkom, \u010di mrazom. Cena o\u0161etrenia sa pohybuje od 50 \u20ac vy\u0161\u0161ie pod\u013ea kvality a\u00a0d\u013a\u017eky vlasov. Proced\u00faru treba opakova\u0165 pribli\u017ene ka\u017ed\u00e9 tri mesiace.                                                                                                                                                                                                                                                                                                                                                                                        4\/5 - (9 votes)        "},{"@context":"https:\/\/schema.org\/","@type":"BreadcrumbList","itemListElement":[{"@type":"ListItem","position":1,"name":"Vysk\u00fa\u0161ajte braz\u00edlsky kerat\u00edn","item":"https:\/\/www.saag.sk\/vyskusajte-brazilsky-keratin\/#breadcrumbitem"}]}]